{"id":150,"date":"2017-06-11T14:49:54","date_gmt":"2017-06-11T12:49:54","guid":{"rendered":"http:\/\/codoo.ro\/?p=150"},"modified":"2019-08-22T14:51:56","modified_gmt":"2019-08-22T12:51:56","slug":"in-zi-de-iunie","status":"publish","type":"post","link":"https:\/\/codoo.ro\/index.php\/2017\/06\/11\/in-zi-de-iunie\/","title":{"rendered":"\u00cen zi de iunie&#8230;"},"content":{"rendered":"\n<p class=\"wp-block-paragraph\">\u00cen zi de iunie, cu soare \u0219i cire\u0219e coapte, cu miresme de tei \u0219i \u00eenc\u0103 verde \u00een jur, la \u00eenceput de var\u0103, e un sf\u00e2r\u0219it de drum.<br>Al copil\u0103riei, al anilor de \u0219coal\u0103 general\u0103, al candorii neatinse \u00eenc\u0103 de tr\u0103iri \u0219i sentimente profunde.\u00a0<br>Sf\u00e2r\u0219it \u0219i \u00eenceput deopotriv\u0103, pentru copilul ce l\u00e2ng\u0103 mine \u0219i-a crescut aripile spre zbor \u00eenalt \u0219i plutire prin propriul destin. Pe care cu sufletul str\u00e2ns, cu tremur\u0103toare team\u0103 \u0219i nemasurat\u0103 iubire, \u00eencerc s\u0103 \u00eel mai \u021bin de m\u00e2n\u0103, m\u0103car o vreme, m\u0103car o clip\u0103. S\u0103 \u00eei mai dau din seva dragului f\u0103r\u0103 de margini, care a \u021binut ochii at\u00e2tor nop\u021bi de veghe deschi\u0219i \u0219i t\u0103m\u0103duitori, care a pus \u00een fragila fiin\u021b\u0103 ceva&#8230; sau totul&#8230;din alt\u0103 copil\u0103rie, din alte anotimpuri \u0219i deopotriv\u0103, din omul ce, p\u0103\u0219ind \u00een felul s\u0103u, pe drumurile proprii, am devenit&#8230;\u00a0<br>Te privesc, copil drag, cu ochi \u0219i suflet ce nu pot s\u0103 cuprind\u0103 at\u00e2ta iubire, at\u00e2ta bucurie, at\u00e2ta m\u00e2ndrie \u0219i speran\u021b\u0103, at\u00e2ta team\u0103 \u0219i \u00eencredere, la un loc&#8230;<br>\u0218i m\u0103 rog ca m\u00e2na mea s\u0103 mai fie, \u00eendeajuns de aproape, cu bucurie primit\u0103, \u00een cald\u0103 \u0219i sus\u021bin\u0103toare atingere, \u00een clipe de greu sau doar de odihn\u0103 r\u0103gaz&#8230;\u00a0<br>\u0218i ochii t\u0103i s\u0103 fie mereu de z\u00e2mbet plini, fata mea frumoas\u0103!\u00a0<br><\/p>\n\n\n\n<p class=\"wp-block-paragraph\">Te iubesc,\u00a0<br>Mama <\/p>\n","protected":false},"excerpt":{"rendered":"<p>\u00cen zi de iunie, cu soare \u0219i cire\u0219e coapte, cu miresme de tei \u0219i \u00eenc\u0103 verde \u00een jur, la \u00eenceput de var\u0103, e un sf\u00e2r\u0219it de drum.Al copil\u0103riei, al anilor de \u0219coal\u0103 general\u0103, al candorii neatinse \u00eenc\u0103 de tr\u0103iri \u0219i sentimente profunde.\u00a0Sf\u00e2r\u0219it \u0219i \u00eenceput deopotriv\u0103, pentru copilul ce l\u00e2ng\u0103 mine \u0219i-a crescut aripile spre zbor [&hellip;]<\/p>\n","protected":false},"author":2,"featured_media":151,"comment_status":"open","ping_status":"open","sticky":false,"template":"","format":"standard","meta":{"_monsterinsights_skip_tracking":false,"_uf_show_specific_survey":0,"_uf_disable_surveys":false,"footnotes":""},"categories":[3,13,4],"tags":[],"class_list":["post-150","post","type-post","status-publish","format-standard","has-post-thumbnail","hentry","category-amintiri","category-interioare","category-traieste-clipa"],"aioseo_notices":[],"aioseo_head":"\n\t\t<!-- All in One SEO 4.9.10 - aioseo.com -->\n\t<meta name=\"description\" content=\"\u00cen zi de iunie, cu soare \u0219i cire\u0219e coapte, cu miresme de tei \u0219i \u00eenc\u0103 verde \u00een jur, la \u00eenceput de var\u0103, e un sf\u00e2r\u0219it de drum.Al copil\u0103riei, al anilor de \u0219coal\u0103 general\u0103, al candorii neatinse \u00eenc\u0103 de tr\u0103iri \u0219i sentimente profunde. Sf\u00e2r\u0219it \u0219i \u00eenceput deopotriv\u0103, pentru copilul ce l\u00e2ng\u0103 mine \u0219i-a crescut aripile spre zbor\" \/>\n\t<meta name=\"robots\" content=\"max-image-preview:large\" \/>\n\t<meta name=\"author\" content=\"Codruta\"\/>\n\t<link rel=\"canonical\" href=\"https:\/\/codoo.ro\/index.php\/2017\/06\/11\/in-zi-de-iunie\/\" \/>\n\t<meta name=\"generator\" content=\"All in One SEO (AIOSEO) 4.9.10\" \/>\n\t\t<meta property=\"og:locale\" content=\"ro_RO\" \/>\n\t\t<meta property=\"og:site_name\" content=\"codoo.ro - doar un blog\" \/>\n\t\t<meta property=\"og:type\" content=\"article\" \/>\n\t\t<meta property=\"og:title\" content=\"\u00cen zi de iunie\u2026 - codoo.ro\" \/>\n\t\t<meta property=\"og:description\" content=\"\u00cen zi de iunie, cu soare \u0219i cire\u0219e coapte, cu miresme de tei \u0219i \u00eenc\u0103 verde \u00een jur, la \u00eenceput de var\u0103, e un sf\u00e2r\u0219it de drum.Al copil\u0103riei, al anilor de \u0219coal\u0103 general\u0103, al candorii neatinse \u00eenc\u0103 de tr\u0103iri \u0219i sentimente profunde. Sf\u00e2r\u0219it \u0219i \u00eenceput deopotriv\u0103, pentru copilul ce l\u00e2ng\u0103 mine \u0219i-a crescut aripile spre zbor\" \/>\n\t\t<meta property=\"og:url\" content=\"https:\/\/codoo.ro\/index.php\/2017\/06\/11\/in-zi-de-iunie\/\" \/>\n\t\t<meta property=\"article:published_time\" content=\"2017-06-11T12:49:54+00:00\" \/>\n\t\t<meta property=\"article:modified_time\" content=\"2019-08-22T12:51:56+00:00\" \/>\n\t\t<meta name=\"twitter:card\" content=\"summary_large_image\" \/>\n\t\t<meta name=\"twitter:title\" content=\"\u00cen zi de iunie\u2026 - codoo.ro\" \/>\n\t\t<meta name=\"twitter:description\" content=\"\u00cen zi de iunie, cu soare \u0219i cire\u0219e coapte, cu miresme de tei \u0219i \u00eenc\u0103 verde \u00een jur, la \u00eenceput de var\u0103, e un sf\u00e2r\u0219it de drum.Al copil\u0103riei, al anilor de \u0219coal\u0103 general\u0103, al candorii neatinse \u00eenc\u0103 de tr\u0103iri \u0219i sentimente profunde. Sf\u00e2r\u0219it \u0219i \u00eenceput deopotriv\u0103, pentru copilul ce l\u00e2ng\u0103 mine \u0219i-a crescut aripile spre zbor\" \/>\n\t\t<script type=\"application\/ld+json\" class=\"aioseo-schema\">\n\t\t\t{\"@context\":\"https:\\\/\\\/schema.org\",\"@graph\":[{\"@type\":\"BlogPosting\",\"@id\":\"https:\\\/\\\/codoo.ro\\\/index.php\\\/2017\\\/06\\\/11\\\/in-zi-de-iunie\\\/#blogposting\",\"name\":\"\\u00cen zi de iunie\\u2026 - codoo.ro\",\"headline\":\"\\u00cen zi de iunie&#8230;\",\"author\":{\"@id\":\"https:\\\/\\\/codoo.ro\\\/index.php\\\/author\\\/codruta\\\/#author\"},\"publisher\":{\"@id\":\"https:\\\/\\\/codoo.ro\\\/#organization\"},\"image\":{\"@type\":\"ImageObject\",\"url\":\"https:\\\/\\\/codoo.ro\\\/wp-content\\\/uploads\\\/2019\\\/08\\\/in-zi-de-iunie.jpg\",\"width\":960,\"height\":836},\"datePublished\":\"2017-06-11T14:49:54+02:00\",\"dateModified\":\"2019-08-22T14:51:56+02:00\",\"inLanguage\":\"ro-RO\",\"mainEntityOfPage\":{\"@id\":\"https:\\\/\\\/codoo.ro\\\/index.php\\\/2017\\\/06\\\/11\\\/in-zi-de-iunie\\\/#webpage\"},\"isPartOf\":{\"@id\":\"https:\\\/\\\/codoo.ro\\\/index.php\\\/2017\\\/06\\\/11\\\/in-zi-de-iunie\\\/#webpage\"},\"articleSection\":\"Amintiri, Interioare, Traie\\u0219te clipa\"},{\"@type\":\"BreadcrumbList\",\"@id\":\"https:\\\/\\\/codoo.ro\\\/index.php\\\/2017\\\/06\\\/11\\\/in-zi-de-iunie\\\/#breadcrumblist\",\"itemListElement\":[{\"@type\":\"ListItem\",\"@id\":\"https:\\\/\\\/codoo.ro#listItem\",\"position\":1,\"name\":\"Home\",\"item\":\"https:\\\/\\\/codoo.ro\",\"nextItem\":{\"@type\":\"ListItem\",\"@id\":\"https:\\\/\\\/codoo.ro\\\/index.php\\\/category\\\/amintiri\\\/#listItem\",\"name\":\"Amintiri\"}},{\"@type\":\"ListItem\",\"@id\":\"https:\\\/\\\/codoo.ro\\\/index.php\\\/category\\\/amintiri\\\/#listItem\",\"position\":2,\"name\":\"Amintiri\",\"item\":\"https:\\\/\\\/codoo.ro\\\/index.php\\\/category\\\/amintiri\\\/\",\"nextItem\":{\"@type\":\"ListItem\",\"@id\":\"https:\\\/\\\/codoo.ro\\\/index.php\\\/2017\\\/06\\\/11\\\/in-zi-de-iunie\\\/#listItem\",\"name\":\"\\u00cen zi de iunie&#8230;\"},\"previousItem\":{\"@type\":\"ListItem\",\"@id\":\"https:\\\/\\\/codoo.ro#listItem\",\"name\":\"Home\"}},{\"@type\":\"ListItem\",\"@id\":\"https:\\\/\\\/codoo.ro\\\/index.php\\\/2017\\\/06\\\/11\\\/in-zi-de-iunie\\\/#listItem\",\"position\":3,\"name\":\"\\u00cen zi de iunie&#8230;\",\"previousItem\":{\"@type\":\"ListItem\",\"@id\":\"https:\\\/\\\/codoo.ro\\\/index.php\\\/category\\\/amintiri\\\/#listItem\",\"name\":\"Amintiri\"}}]},{\"@type\":\"Organization\",\"@id\":\"https:\\\/\\\/codoo.ro\\\/#organization\",\"name\":\"codoo.ro\",\"description\":\"doar un blog\",\"url\":\"https:\\\/\\\/codoo.ro\\\/\"},{\"@type\":\"Person\",\"@id\":\"https:\\\/\\\/codoo.ro\\\/index.php\\\/author\\\/codruta\\\/#author\",\"url\":\"https:\\\/\\\/codoo.ro\\\/index.php\\\/author\\\/codruta\\\/\",\"name\":\"Codruta\",\"image\":{\"@type\":\"ImageObject\",\"@id\":\"https:\\\/\\\/codoo.ro\\\/index.php\\\/2017\\\/06\\\/11\\\/in-zi-de-iunie\\\/#authorImage\",\"url\":\"https:\\\/\\\/secure.gravatar.com\\\/avatar\\\/c4fdd3726c0b229f40a410eb9e6a617c528a6a1356a700f9c3e91163952569bb?s=96&d=mm&r=g\",\"width\":96,\"height\":96,\"caption\":\"Codruta\"}},{\"@type\":\"WebPage\",\"@id\":\"https:\\\/\\\/codoo.ro\\\/index.php\\\/2017\\\/06\\\/11\\\/in-zi-de-iunie\\\/#webpage\",\"url\":\"https:\\\/\\\/codoo.ro\\\/index.php\\\/2017\\\/06\\\/11\\\/in-zi-de-iunie\\\/\",\"name\":\"\\u00cen zi de iunie\\u2026 - codoo.ro\",\"description\":\"\\u00cen zi de iunie, cu soare \\u0219i cire\\u0219e coapte, cu miresme de tei \\u0219i \\u00eenc\\u0103 verde \\u00een jur, la \\u00eenceput de var\\u0103, e un sf\\u00e2r\\u0219it de drum.Al copil\\u0103riei, al anilor de \\u0219coal\\u0103 general\\u0103, al candorii neatinse \\u00eenc\\u0103 de tr\\u0103iri \\u0219i sentimente profunde. Sf\\u00e2r\\u0219it \\u0219i \\u00eenceput deopotriv\\u0103, pentru copilul ce l\\u00e2ng\\u0103 mine \\u0219i-a crescut aripile spre zbor\",\"inLanguage\":\"ro-RO\",\"isPartOf\":{\"@id\":\"https:\\\/\\\/codoo.ro\\\/#website\"},\"breadcrumb\":{\"@id\":\"https:\\\/\\\/codoo.ro\\\/index.php\\\/2017\\\/06\\\/11\\\/in-zi-de-iunie\\\/#breadcrumblist\"},\"author\":{\"@id\":\"https:\\\/\\\/codoo.ro\\\/index.php\\\/author\\\/codruta\\\/#author\"},\"creator\":{\"@id\":\"https:\\\/\\\/codoo.ro\\\/index.php\\\/author\\\/codruta\\\/#author\"},\"image\":{\"@type\":\"ImageObject\",\"url\":\"https:\\\/\\\/codoo.ro\\\/wp-content\\\/uploads\\\/2019\\\/08\\\/in-zi-de-iunie.jpg\",\"@id\":\"https:\\\/\\\/codoo.ro\\\/index.php\\\/2017\\\/06\\\/11\\\/in-zi-de-iunie\\\/#mainImage\",\"width\":960,\"height\":836},\"primaryImageOfPage\":{\"@id\":\"https:\\\/\\\/codoo.ro\\\/index.php\\\/2017\\\/06\\\/11\\\/in-zi-de-iunie\\\/#mainImage\"},\"datePublished\":\"2017-06-11T14:49:54+02:00\",\"dateModified\":\"2019-08-22T14:51:56+02:00\"},{\"@type\":\"WebSite\",\"@id\":\"https:\\\/\\\/codoo.ro\\\/#website\",\"url\":\"https:\\\/\\\/codoo.ro\\\/\",\"name\":\"codoo.ro\",\"description\":\"doar un blog\",\"inLanguage\":\"ro-RO\",\"publisher\":{\"@id\":\"https:\\\/\\\/codoo.ro\\\/#organization\"}}]}\n\t\t<\/script>\n\t\t<!-- All in One SEO -->\n\n","aioseo_head_json":{"title":"\u00cen zi de iunie\u2026 - codoo.ro","description":"\u00cen zi de iunie, cu soare \u0219i cire\u0219e coapte, cu miresme de tei \u0219i \u00eenc\u0103 verde \u00een jur, la \u00eenceput de var\u0103, e un sf\u00e2r\u0219it de drum.Al copil\u0103riei, al anilor de \u0219coal\u0103 general\u0103, al candorii neatinse \u00eenc\u0103 de tr\u0103iri \u0219i sentimente profunde. Sf\u00e2r\u0219it \u0219i \u00eenceput deopotriv\u0103, pentru copilul ce l\u00e2ng\u0103 mine \u0219i-a crescut aripile spre zbor","canonical_url":"https:\/\/codoo.ro\/index.php\/2017\/06\/11\/in-zi-de-iunie\/","robots":"max-image-preview:large","keywords":"","webmasterTools":{"miscellaneous":""},"schema":{"@context":"https:\/\/schema.org","@graph":[{"@type":"BlogPosting","@id":"https:\/\/codoo.ro\/index.php\/2017\/06\/11\/in-zi-de-iunie\/#blogposting","name":"\u00cen zi de iunie\u2026 - codoo.ro","headline":"\u00cen zi de iunie&#8230;","author":{"@id":"https:\/\/codoo.ro\/index.php\/author\/codruta\/#author"},"publisher":{"@id":"https:\/\/codoo.ro\/#organization"},"image":{"@type":"ImageObject","url":"https:\/\/codoo.ro\/wp-content\/uploads\/2019\/08\/in-zi-de-iunie.jpg","width":960,"height":836},"datePublished":"2017-06-11T14:49:54+02:00","dateModified":"2019-08-22T14:51:56+02:00","inLanguage":"ro-RO","mainEntityOfPage":{"@id":"https:\/\/codoo.ro\/index.php\/2017\/06\/11\/in-zi-de-iunie\/#webpage"},"isPartOf":{"@id":"https:\/\/codoo.ro\/index.php\/2017\/06\/11\/in-zi-de-iunie\/#webpage"},"articleSection":"Amintiri, Interioare, Traie\u0219te clipa"},{"@type":"BreadcrumbList","@id":"https:\/\/codoo.ro\/index.php\/2017\/06\/11\/in-zi-de-iunie\/#breadcrumblist","itemListElement":[{"@type":"ListItem","@id":"https:\/\/codoo.ro#listItem","position":1,"name":"Home","item":"https:\/\/codoo.ro","nextItem":{"@type":"ListItem","@id":"https:\/\/codoo.ro\/index.php\/category\/amintiri\/#listItem","name":"Amintiri"}},{"@type":"ListItem","@id":"https:\/\/codoo.ro\/index.php\/category\/amintiri\/#listItem","position":2,"name":"Amintiri","item":"https:\/\/codoo.ro\/index.php\/category\/amintiri\/","nextItem":{"@type":"ListItem","@id":"https:\/\/codoo.ro\/index.php\/2017\/06\/11\/in-zi-de-iunie\/#listItem","name":"\u00cen zi de iunie&#8230;"},"previousItem":{"@type":"ListItem","@id":"https:\/\/codoo.ro#listItem","name":"Home"}},{"@type":"ListItem","@id":"https:\/\/codoo.ro\/index.php\/2017\/06\/11\/in-zi-de-iunie\/#listItem","position":3,"name":"\u00cen zi de iunie&#8230;","previousItem":{"@type":"ListItem","@id":"https:\/\/codoo.ro\/index.php\/category\/amintiri\/#listItem","name":"Amintiri"}}]},{"@type":"Organization","@id":"https:\/\/codoo.ro\/#organization","name":"codoo.ro","description":"doar un blog","url":"https:\/\/codoo.ro\/"},{"@type":"Person","@id":"https:\/\/codoo.ro\/index.php\/author\/codruta\/#author","url":"https:\/\/codoo.ro\/index.php\/author\/codruta\/","name":"Codruta","image":{"@type":"ImageObject","@id":"https:\/\/codoo.ro\/index.php\/2017\/06\/11\/in-zi-de-iunie\/#authorImage","url":"https:\/\/secure.gravatar.com\/avatar\/c4fdd3726c0b229f40a410eb9e6a617c528a6a1356a700f9c3e91163952569bb?s=96&d=mm&r=g","width":96,"height":96,"caption":"Codruta"}},{"@type":"WebPage","@id":"https:\/\/codoo.ro\/index.php\/2017\/06\/11\/in-zi-de-iunie\/#webpage","url":"https:\/\/codoo.ro\/index.php\/2017\/06\/11\/in-zi-de-iunie\/","name":"\u00cen zi de iunie\u2026 - codoo.ro","description":"\u00cen zi de iunie, cu soare \u0219i cire\u0219e coapte, cu miresme de tei \u0219i \u00eenc\u0103 verde \u00een jur, la \u00eenceput de var\u0103, e un sf\u00e2r\u0219it de drum.Al copil\u0103riei, al anilor de \u0219coal\u0103 general\u0103, al candorii neatinse \u00eenc\u0103 de tr\u0103iri \u0219i sentimente profunde. Sf\u00e2r\u0219it \u0219i \u00eenceput deopotriv\u0103, pentru copilul ce l\u00e2ng\u0103 mine \u0219i-a crescut aripile spre zbor","inLanguage":"ro-RO","isPartOf":{"@id":"https:\/\/codoo.ro\/#website"},"breadcrumb":{"@id":"https:\/\/codoo.ro\/index.php\/2017\/06\/11\/in-zi-de-iunie\/#breadcrumblist"},"author":{"@id":"https:\/\/codoo.ro\/index.php\/author\/codruta\/#author"},"creator":{"@id":"https:\/\/codoo.ro\/index.php\/author\/codruta\/#author"},"image":{"@type":"ImageObject","url":"https:\/\/codoo.ro\/wp-content\/uploads\/2019\/08\/in-zi-de-iunie.jpg","@id":"https:\/\/codoo.ro\/index.php\/2017\/06\/11\/in-zi-de-iunie\/#mainImage","width":960,"height":836},"primaryImageOfPage":{"@id":"https:\/\/codoo.ro\/index.php\/2017\/06\/11\/in-zi-de-iunie\/#mainImage"},"datePublished":"2017-06-11T14:49:54+02:00","dateModified":"2019-08-22T14:51:56+02:00"},{"@type":"WebSite","@id":"https:\/\/codoo.ro\/#website","url":"https:\/\/codoo.ro\/","name":"codoo.ro","description":"doar un blog","inLanguage":"ro-RO","publisher":{"@id":"https:\/\/codoo.ro\/#organization"}}]},"og:locale":"ro_RO","og:site_name":"codoo.ro - doar un blog","og:type":"article","og:title":"\u00cen zi de iunie\u2026 - codoo.ro","og:description":"\u00cen zi de iunie, cu soare \u0219i cire\u0219e coapte, cu miresme de tei \u0219i \u00eenc\u0103 verde \u00een jur, la \u00eenceput de var\u0103, e un sf\u00e2r\u0219it de drum.Al copil\u0103riei, al anilor de \u0219coal\u0103 general\u0103, al candorii neatinse \u00eenc\u0103 de tr\u0103iri \u0219i sentimente profunde. Sf\u00e2r\u0219it \u0219i \u00eenceput deopotriv\u0103, pentru copilul ce l\u00e2ng\u0103 mine \u0219i-a crescut aripile spre zbor","og:url":"https:\/\/codoo.ro\/index.php\/2017\/06\/11\/in-zi-de-iunie\/","article:published_time":"2017-06-11T12:49:54+00:00","article:modified_time":"2019-08-22T12:51:56+00:00","twitter:card":"summary_large_image","twitter:title":"\u00cen zi de iunie\u2026 - codoo.ro","twitter:description":"\u00cen zi de iunie, cu soare \u0219i cire\u0219e coapte, cu miresme de tei \u0219i \u00eenc\u0103 verde \u00een jur, la \u00eenceput de var\u0103, e un sf\u00e2r\u0219it de drum.Al copil\u0103riei, al anilor de \u0219coal\u0103 general\u0103, al candorii neatinse \u00eenc\u0103 de tr\u0103iri \u0219i sentimente profunde. Sf\u00e2r\u0219it \u0219i \u00eenceput deopotriv\u0103, pentru copilul ce l\u00e2ng\u0103 mine \u0219i-a crescut aripile spre zbor"},"aioseo_meta_data":{"post_id":"150","title":null,"description":null,"keywords":null,"keyphrases":null,"primary_term":null,"canonical_url":null,"og_title":null,"og_description":null,"og_object_type":"default","og_image_type":"default","og_image_url":null,"og_image_width":null,"og_image_height":null,"og_image_custom_url":null,"og_image_custom_fields":null,"og_video":null,"og_custom_url":null,"og_article_section":null,"og_article_tags":null,"twitter_use_og":false,"twitter_card":"default","twitter_image_type":"default","twitter_image_url":null,"twitter_image_custom_url":null,"twitter_image_custom_fields":null,"twitter_title":null,"twitter_description":null,"schema":{"blockGraphs":[],"customGraphs":[],"default":{"data":{"Article":[],"Course":[],"Dataset":[],"FAQPage":[],"Movie":[],"Person":[],"Product":[],"ProductReview":[],"Car":[],"Recipe":[],"Service":[],"SoftwareApplication":[],"WebPage":[]},"graphName":"","isEnabled":true},"graphs":[]},"schema_type":"default","schema_type_options":null,"pillar_content":false,"robots_default":true,"robots_noindex":false,"robots_noarchive":false,"robots_nosnippet":false,"robots_nofollow":false,"robots_noimageindex":false,"robots_noodp":false,"robots_notranslate":false,"robots_max_snippet":null,"robots_max_videopreview":null,"robots_max_imagepreview":"large","priority":null,"frequency":null,"local_seo":null,"breadcrumb_settings":null,"limit_modified_date":false,"created":"2023-08-15 10:40:15","updated":"2025-06-23 12:42:02","ai":null,"seo_analyzer_scan_date":null},"aioseo_breadcrumb":"<div class=\"aioseo-breadcrumbs\"><span class=\"aioseo-breadcrumb\">\n\t\t\t<a href=\"https:\/\/codoo.ro\" title=\"Home\">Home<\/a>\n\t\t<\/span><span class=\"aioseo-breadcrumb-separator\">&raquo;<\/span><span class=\"aioseo-breadcrumb\">\n\t\t\t<a href=\"https:\/\/codoo.ro\/index.php\/category\/amintiri\/\" title=\"Amintiri\">Amintiri<\/a>\n\t\t<\/span><span class=\"aioseo-breadcrumb-separator\">&raquo;<\/span><span class=\"aioseo-breadcrumb\">\n\t\t\t\u00cen zi de iunie\u2026\n\t\t<\/span><\/div>","aioseo_breadcrumb_json":[{"label":"Home","link":"https:\/\/codoo.ro"},{"label":"Amintiri","link":"https:\/\/codoo.ro\/index.php\/category\/amintiri\/"},{"label":"\u00cen zi de iunie&#8230;","link":"https:\/\/codoo.ro\/index.php\/2017\/06\/11\/in-zi-de-iunie\/"}],"post_mailing_queue_ids":[],"_links":{"self":[{"href":"https:\/\/codoo.ro\/index.php\/wp-json\/wp\/v2\/posts\/150","targetHints":{"allow":["GET"]}}],"collection":[{"href":"https:\/\/codoo.ro\/index.php\/wp-json\/wp\/v2\/posts"}],"about":[{"href":"https:\/\/codoo.ro\/index.php\/wp-json\/wp\/v2\/types\/post"}],"author":[{"embeddable":true,"href":"https:\/\/codoo.ro\/index.php\/wp-json\/wp\/v2\/users\/2"}],"replies":[{"embeddable":true,"href":"https:\/\/codoo.ro\/index.php\/wp-json\/wp\/v2\/comments?post=150"}],"version-history":[{"count":0,"href":"https:\/\/codoo.ro\/index.php\/wp-json\/wp\/v2\/posts\/150\/revisions"}],"wp:featuredmedia":[{"embeddable":true,"href":"https:\/\/codoo.ro\/index.php\/wp-json\/wp\/v2\/media\/151"}],"wp:attachment":[{"href":"https:\/\/codoo.ro\/index.php\/wp-json\/wp\/v2\/media?parent=150"}],"wp:term":[{"taxonomy":"category","embeddable":true,"href":"https:\/\/codoo.ro\/index.php\/wp-json\/wp\/v2\/categories?post=150"},{"taxonomy":"post_tag","embeddable":true,"href":"https:\/\/codoo.ro\/index.php\/wp-json\/wp\/v2\/tags?post=150"}],"curies":[{"name":"wp","href":"https:\/\/api.w.org\/{rel}","templated":true}]}}