{"id":169,"date":"2017-04-08T15:07:15","date_gmt":"2017-04-08T13:07:15","guid":{"rendered":"http:\/\/codoo.ro\/?p=169"},"modified":"2019-08-22T15:08:06","modified_gmt":"2019-08-22T13:08:06","slug":"aleg","status":"publish","type":"post","link":"https:\/\/codoo.ro\/index.php\/2017\/04\/08\/aleg\/","title":{"rendered":"Aleg."},"content":{"rendered":"\n<p class=\"wp-block-paragraph\">Am deschis ferestre de suflet pentru ca via\u021ba s\u0103 p\u0103trund\u0103 acolo unde, p\u00e2n\u0103 mai ieri, t\u0103cerea \u0219i a\u0219teptarea \u00ee\u0219i f\u0103cuser\u0103 cas\u0103. \u0218i am \u00eendr\u0103znit s\u0103 privesc iar lumea cu lumina nou\u0103 a \u00een\u021belegerii rostului cu care toate se a\u0219tern trecerii noastre.<\/p>\n\n\n\n<p class=\"wp-block-paragraph\">\u0218i alerg\u00e2nd&#8230; sau merg\u00e2nd agale, prin timpuri \u0219i sim\u021biri noi, cu verde \u0219i soare dar \u0219i cu nehot\u0103r\u00e2ri de prim\u0103var\u0103, am \u00een\u021beles c\u0103 via\u021ba nu vine ea&#8230; Nu p\u0103trunde magic \u0219i \u00eemplinitor \u00een \u00eensingurarea noastr\u0103, nu ne \u00eenv\u0103luie cu senin\u0103 \u0219i m\u00e2ng\u00e2ietoare c\u0103ldur\u0103, nu vindec\u0103 miraculos suferin\u021be \u0219i nu alin\u0103 doruri, nu \u00eempline\u0219te iubiri \u0219i nu promite iert\u0103ri&#8230;<\/p>\n\n\n\n<p class=\"wp-block-paragraph\">Via\u021ba este, de cele mai multe ori, alegere&#8230;<\/p>\n\n\n\n<p class=\"wp-block-paragraph\">Aleg s\u0103 zbor \u0219i s\u0103 tind spre \u00eemplinire, nu s\u0103 m\u0103 fr\u00e2ng.<br>Aleg s\u0103 iubesc.&nbsp;<br>Aleg s\u0103 fiu eu, \u00een bucurie \u0219i triste\u021be, deopotriv\u0103.&nbsp;<br>Aleg s\u0103 cred \u00een bine, \u00een oameni, \u00een \u00een\u021beles&#8230;&nbsp;<br>Aleg s\u0103 privesc florile alb-rozalii, ce pline de miresme, de\u0219i at\u00e2t de efemere, \u00ee\u0219i picteaz\u0103 culoarea pe albastrul de cer \u0219i nu s\u0103 plec ochii spre cenu\u0219iul p\u0103m\u00e2ntului&#8230;&nbsp;<br>Aleg s\u0103 privesc albastrul apei \u0219i nu ad\u00e2ncul ei&#8230;&nbsp;<br>Aleg s\u0103 z\u00e2mbesc \u0219i sa r\u00e2d, cu prim\u0103vara unui nou \u00eenceput \u00een suflet, cum uneori aleg pl\u00e2nsul care s\u0103 \u00eemi limpezeasc\u0103 ochii c\u00e2nd umbrele triste\u021bii m\u0103 \u00eentunec\u0103&#8230;<br>\u0218i aleg\u00e2nd, tr\u0103iesc.<\/p>\n\n\n\n<p class=\"wp-block-paragraph\">Dincolo de toate, am \u00een\u021beles c\u0103 via\u021ba este tr\u0103ire.<br>\u0218i aleg s-o tr\u0103iesc&#8230;&nbsp;<br>Z\u00e2mbind&#8230;<\/p>\n","protected":false},"excerpt":{"rendered":"<p>Am deschis ferestre de suflet pentru ca via\u021ba s\u0103 p\u0103trund\u0103 acolo unde, p\u00e2n\u0103 mai ieri, t\u0103cerea \u0219i a\u0219teptarea \u00ee\u0219i f\u0103cuser\u0103 cas\u0103. \u0218i am \u00eendr\u0103znit s\u0103 privesc iar lumea cu lumina nou\u0103 a \u00een\u021belegerii rostului cu care toate se a\u0219tern trecerii noastre. \u0218i alerg\u00e2nd&#8230; sau merg\u00e2nd agale, prin timpuri \u0219i sim\u021biri noi, cu verde \u0219i soare [&hellip;]<\/p>\n","protected":false},"author":2,"featured_media":170,"comment_status":"open","ping_status":"open","sticky":false,"template":"","format":"standard","meta":{"_monsterinsights_skip_tracking":false,"_uf_show_specific_survey":0,"_uf_disable_surveys":false,"footnotes":""},"categories":[13],"tags":[],"class_list":["post-169","post","type-post","status-publish","format-standard","has-post-thumbnail","hentry","category-interioare"],"aioseo_notices":[],"aioseo_head":"\n\t\t<!-- All in One SEO 4.9.10 - aioseo.com -->\n\t<meta name=\"description\" content=\"Am deschis ferestre de suflet pentru ca via\u021ba s\u0103 p\u0103trund\u0103 acolo unde, p\u00e2n\u0103 mai ieri, t\u0103cerea \u0219i a\u0219teptarea \u00ee\u0219i f\u0103cuser\u0103 cas\u0103. \u0218i am \u00eendr\u0103znit s\u0103 privesc iar lumea cu lumina nou\u0103 a \u00een\u021belegerii rostului cu care toate se a\u0219tern trecerii noastre. \u0218i alerg\u00e2nd... sau merg\u00e2nd agale, prin timpuri \u0219i sim\u021biri noi, cu verde \u0219i soare\" \/>\n\t<meta name=\"robots\" content=\"max-image-preview:large\" \/>\n\t<meta name=\"author\" content=\"Codruta\"\/>\n\t<link rel=\"canonical\" href=\"https:\/\/codoo.ro\/index.php\/2017\/04\/08\/aleg\/\" \/>\n\t<meta name=\"generator\" content=\"All in One SEO (AIOSEO) 4.9.10\" \/>\n\t\t<meta property=\"og:locale\" content=\"ro_RO\" \/>\n\t\t<meta property=\"og:site_name\" content=\"codoo.ro - doar un blog\" \/>\n\t\t<meta property=\"og:type\" content=\"article\" \/>\n\t\t<meta property=\"og:title\" content=\"Aleg. - codoo.ro\" \/>\n\t\t<meta property=\"og:description\" content=\"Am deschis ferestre de suflet pentru ca via\u021ba s\u0103 p\u0103trund\u0103 acolo unde, p\u00e2n\u0103 mai ieri, t\u0103cerea \u0219i a\u0219teptarea \u00ee\u0219i f\u0103cuser\u0103 cas\u0103. \u0218i am \u00eendr\u0103znit s\u0103 privesc iar lumea cu lumina nou\u0103 a \u00een\u021belegerii rostului cu care toate se a\u0219tern trecerii noastre. \u0218i alerg\u00e2nd... sau merg\u00e2nd agale, prin timpuri \u0219i sim\u021biri noi, cu verde \u0219i soare\" \/>\n\t\t<meta property=\"og:url\" content=\"https:\/\/codoo.ro\/index.php\/2017\/04\/08\/aleg\/\" \/>\n\t\t<meta property=\"article:published_time\" content=\"2017-04-08T13:07:15+00:00\" \/>\n\t\t<meta property=\"article:modified_time\" content=\"2019-08-22T13:08:06+00:00\" \/>\n\t\t<meta name=\"twitter:card\" content=\"summary_large_image\" \/>\n\t\t<meta name=\"twitter:title\" content=\"Aleg. - codoo.ro\" \/>\n\t\t<meta name=\"twitter:description\" content=\"Am deschis ferestre de suflet pentru ca via\u021ba s\u0103 p\u0103trund\u0103 acolo unde, p\u00e2n\u0103 mai ieri, t\u0103cerea \u0219i a\u0219teptarea \u00ee\u0219i f\u0103cuser\u0103 cas\u0103. \u0218i am \u00eendr\u0103znit s\u0103 privesc iar lumea cu lumina nou\u0103 a \u00een\u021belegerii rostului cu care toate se a\u0219tern trecerii noastre. \u0218i alerg\u00e2nd... sau merg\u00e2nd agale, prin timpuri \u0219i sim\u021biri noi, cu verde \u0219i soare\" \/>\n\t\t<script type=\"application\/ld+json\" class=\"aioseo-schema\">\n\t\t\t{\"@context\":\"https:\\\/\\\/schema.org\",\"@graph\":[{\"@type\":\"BlogPosting\",\"@id\":\"https:\\\/\\\/codoo.ro\\\/index.php\\\/2017\\\/04\\\/08\\\/aleg\\\/#blogposting\",\"name\":\"Aleg. - codoo.ro\",\"headline\":\"Aleg.\",\"author\":{\"@id\":\"https:\\\/\\\/codoo.ro\\\/index.php\\\/author\\\/codruta\\\/#author\"},\"publisher\":{\"@id\":\"https:\\\/\\\/codoo.ro\\\/#organization\"},\"image\":{\"@type\":\"ImageObject\",\"url\":\"https:\\\/\\\/codoo.ro\\\/wp-content\\\/uploads\\\/2019\\\/08\\\/aleg.jpg\",\"width\":821,\"height\":960},\"datePublished\":\"2017-04-08T15:07:15+02:00\",\"dateModified\":\"2019-08-22T15:08:06+02:00\",\"inLanguage\":\"ro-RO\",\"mainEntityOfPage\":{\"@id\":\"https:\\\/\\\/codoo.ro\\\/index.php\\\/2017\\\/04\\\/08\\\/aleg\\\/#webpage\"},\"isPartOf\":{\"@id\":\"https:\\\/\\\/codoo.ro\\\/index.php\\\/2017\\\/04\\\/08\\\/aleg\\\/#webpage\"},\"articleSection\":\"Interioare\"},{\"@type\":\"BreadcrumbList\",\"@id\":\"https:\\\/\\\/codoo.ro\\\/index.php\\\/2017\\\/04\\\/08\\\/aleg\\\/#breadcrumblist\",\"itemListElement\":[{\"@type\":\"ListItem\",\"@id\":\"https:\\\/\\\/codoo.ro#listItem\",\"position\":1,\"name\":\"Home\",\"item\":\"https:\\\/\\\/codoo.ro\",\"nextItem\":{\"@type\":\"ListItem\",\"@id\":\"https:\\\/\\\/codoo.ro\\\/index.php\\\/category\\\/interioare\\\/#listItem\",\"name\":\"Interioare\"}},{\"@type\":\"ListItem\",\"@id\":\"https:\\\/\\\/codoo.ro\\\/index.php\\\/category\\\/interioare\\\/#listItem\",\"position\":2,\"name\":\"Interioare\",\"item\":\"https:\\\/\\\/codoo.ro\\\/index.php\\\/category\\\/interioare\\\/\",\"nextItem\":{\"@type\":\"ListItem\",\"@id\":\"https:\\\/\\\/codoo.ro\\\/index.php\\\/2017\\\/04\\\/08\\\/aleg\\\/#listItem\",\"name\":\"Aleg.\"},\"previousItem\":{\"@type\":\"ListItem\",\"@id\":\"https:\\\/\\\/codoo.ro#listItem\",\"name\":\"Home\"}},{\"@type\":\"ListItem\",\"@id\":\"https:\\\/\\\/codoo.ro\\\/index.php\\\/2017\\\/04\\\/08\\\/aleg\\\/#listItem\",\"position\":3,\"name\":\"Aleg.\",\"previousItem\":{\"@type\":\"ListItem\",\"@id\":\"https:\\\/\\\/codoo.ro\\\/index.php\\\/category\\\/interioare\\\/#listItem\",\"name\":\"Interioare\"}}]},{\"@type\":\"Organization\",\"@id\":\"https:\\\/\\\/codoo.ro\\\/#organization\",\"name\":\"codoo.ro\",\"description\":\"doar un blog\",\"url\":\"https:\\\/\\\/codoo.ro\\\/\"},{\"@type\":\"Person\",\"@id\":\"https:\\\/\\\/codoo.ro\\\/index.php\\\/author\\\/codruta\\\/#author\",\"url\":\"https:\\\/\\\/codoo.ro\\\/index.php\\\/author\\\/codruta\\\/\",\"name\":\"Codruta\",\"image\":{\"@type\":\"ImageObject\",\"@id\":\"https:\\\/\\\/codoo.ro\\\/index.php\\\/2017\\\/04\\\/08\\\/aleg\\\/#authorImage\",\"url\":\"https:\\\/\\\/secure.gravatar.com\\\/avatar\\\/c4fdd3726c0b229f40a410eb9e6a617c528a6a1356a700f9c3e91163952569bb?s=96&d=mm&r=g\",\"width\":96,\"height\":96,\"caption\":\"Codruta\"}},{\"@type\":\"WebPage\",\"@id\":\"https:\\\/\\\/codoo.ro\\\/index.php\\\/2017\\\/04\\\/08\\\/aleg\\\/#webpage\",\"url\":\"https:\\\/\\\/codoo.ro\\\/index.php\\\/2017\\\/04\\\/08\\\/aleg\\\/\",\"name\":\"Aleg. - codoo.ro\",\"description\":\"Am deschis ferestre de suflet pentru ca via\\u021ba s\\u0103 p\\u0103trund\\u0103 acolo unde, p\\u00e2n\\u0103 mai ieri, t\\u0103cerea \\u0219i a\\u0219teptarea \\u00ee\\u0219i f\\u0103cuser\\u0103 cas\\u0103. \\u0218i am \\u00eendr\\u0103znit s\\u0103 privesc iar lumea cu lumina nou\\u0103 a \\u00een\\u021belegerii rostului cu care toate se a\\u0219tern trecerii noastre. \\u0218i alerg\\u00e2nd... sau merg\\u00e2nd agale, prin timpuri \\u0219i sim\\u021biri noi, cu verde \\u0219i soare\",\"inLanguage\":\"ro-RO\",\"isPartOf\":{\"@id\":\"https:\\\/\\\/codoo.ro\\\/#website\"},\"breadcrumb\":{\"@id\":\"https:\\\/\\\/codoo.ro\\\/index.php\\\/2017\\\/04\\\/08\\\/aleg\\\/#breadcrumblist\"},\"author\":{\"@id\":\"https:\\\/\\\/codoo.ro\\\/index.php\\\/author\\\/codruta\\\/#author\"},\"creator\":{\"@id\":\"https:\\\/\\\/codoo.ro\\\/index.php\\\/author\\\/codruta\\\/#author\"},\"image\":{\"@type\":\"ImageObject\",\"url\":\"https:\\\/\\\/codoo.ro\\\/wp-content\\\/uploads\\\/2019\\\/08\\\/aleg.jpg\",\"@id\":\"https:\\\/\\\/codoo.ro\\\/index.php\\\/2017\\\/04\\\/08\\\/aleg\\\/#mainImage\",\"width\":821,\"height\":960},\"primaryImageOfPage\":{\"@id\":\"https:\\\/\\\/codoo.ro\\\/index.php\\\/2017\\\/04\\\/08\\\/aleg\\\/#mainImage\"},\"datePublished\":\"2017-04-08T15:07:15+02:00\",\"dateModified\":\"2019-08-22T15:08:06+02:00\"},{\"@type\":\"WebSite\",\"@id\":\"https:\\\/\\\/codoo.ro\\\/#website\",\"url\":\"https:\\\/\\\/codoo.ro\\\/\",\"name\":\"codoo.ro\",\"description\":\"doar un blog\",\"inLanguage\":\"ro-RO\",\"publisher\":{\"@id\":\"https:\\\/\\\/codoo.ro\\\/#organization\"}}]}\n\t\t<\/script>\n\t\t<!-- All in One SEO -->\n\n","aioseo_head_json":{"title":"Aleg. - codoo.ro","description":"Am deschis ferestre de suflet pentru ca via\u021ba s\u0103 p\u0103trund\u0103 acolo unde, p\u00e2n\u0103 mai ieri, t\u0103cerea \u0219i a\u0219teptarea \u00ee\u0219i f\u0103cuser\u0103 cas\u0103. \u0218i am \u00eendr\u0103znit s\u0103 privesc iar lumea cu lumina nou\u0103 a \u00een\u021belegerii rostului cu care toate se a\u0219tern trecerii noastre. \u0218i alerg\u00e2nd... sau merg\u00e2nd agale, prin timpuri \u0219i sim\u021biri noi, cu verde \u0219i soare","canonical_url":"https:\/\/codoo.ro\/index.php\/2017\/04\/08\/aleg\/","robots":"max-image-preview:large","keywords":"","webmasterTools":{"miscellaneous":""},"schema":{"@context":"https:\/\/schema.org","@graph":[{"@type":"BlogPosting","@id":"https:\/\/codoo.ro\/index.php\/2017\/04\/08\/aleg\/#blogposting","name":"Aleg. - codoo.ro","headline":"Aleg.","author":{"@id":"https:\/\/codoo.ro\/index.php\/author\/codruta\/#author"},"publisher":{"@id":"https:\/\/codoo.ro\/#organization"},"image":{"@type":"ImageObject","url":"https:\/\/codoo.ro\/wp-content\/uploads\/2019\/08\/aleg.jpg","width":821,"height":960},"datePublished":"2017-04-08T15:07:15+02:00","dateModified":"2019-08-22T15:08:06+02:00","inLanguage":"ro-RO","mainEntityOfPage":{"@id":"https:\/\/codoo.ro\/index.php\/2017\/04\/08\/aleg\/#webpage"},"isPartOf":{"@id":"https:\/\/codoo.ro\/index.php\/2017\/04\/08\/aleg\/#webpage"},"articleSection":"Interioare"},{"@type":"BreadcrumbList","@id":"https:\/\/codoo.ro\/index.php\/2017\/04\/08\/aleg\/#breadcrumblist","itemListElement":[{"@type":"ListItem","@id":"https:\/\/codoo.ro#listItem","position":1,"name":"Home","item":"https:\/\/codoo.ro","nextItem":{"@type":"ListItem","@id":"https:\/\/codoo.ro\/index.php\/category\/interioare\/#listItem","name":"Interioare"}},{"@type":"ListItem","@id":"https:\/\/codoo.ro\/index.php\/category\/interioare\/#listItem","position":2,"name":"Interioare","item":"https:\/\/codoo.ro\/index.php\/category\/interioare\/","nextItem":{"@type":"ListItem","@id":"https:\/\/codoo.ro\/index.php\/2017\/04\/08\/aleg\/#listItem","name":"Aleg."},"previousItem":{"@type":"ListItem","@id":"https:\/\/codoo.ro#listItem","name":"Home"}},{"@type":"ListItem","@id":"https:\/\/codoo.ro\/index.php\/2017\/04\/08\/aleg\/#listItem","position":3,"name":"Aleg.","previousItem":{"@type":"ListItem","@id":"https:\/\/codoo.ro\/index.php\/category\/interioare\/#listItem","name":"Interioare"}}]},{"@type":"Organization","@id":"https:\/\/codoo.ro\/#organization","name":"codoo.ro","description":"doar un blog","url":"https:\/\/codoo.ro\/"},{"@type":"Person","@id":"https:\/\/codoo.ro\/index.php\/author\/codruta\/#author","url":"https:\/\/codoo.ro\/index.php\/author\/codruta\/","name":"Codruta","image":{"@type":"ImageObject","@id":"https:\/\/codoo.ro\/index.php\/2017\/04\/08\/aleg\/#authorImage","url":"https:\/\/secure.gravatar.com\/avatar\/c4fdd3726c0b229f40a410eb9e6a617c528a6a1356a700f9c3e91163952569bb?s=96&d=mm&r=g","width":96,"height":96,"caption":"Codruta"}},{"@type":"WebPage","@id":"https:\/\/codoo.ro\/index.php\/2017\/04\/08\/aleg\/#webpage","url":"https:\/\/codoo.ro\/index.php\/2017\/04\/08\/aleg\/","name":"Aleg. - codoo.ro","description":"Am deschis ferestre de suflet pentru ca via\u021ba s\u0103 p\u0103trund\u0103 acolo unde, p\u00e2n\u0103 mai ieri, t\u0103cerea \u0219i a\u0219teptarea \u00ee\u0219i f\u0103cuser\u0103 cas\u0103. \u0218i am \u00eendr\u0103znit s\u0103 privesc iar lumea cu lumina nou\u0103 a \u00een\u021belegerii rostului cu care toate se a\u0219tern trecerii noastre. \u0218i alerg\u00e2nd... sau merg\u00e2nd agale, prin timpuri \u0219i sim\u021biri noi, cu verde \u0219i soare","inLanguage":"ro-RO","isPartOf":{"@id":"https:\/\/codoo.ro\/#website"},"breadcrumb":{"@id":"https:\/\/codoo.ro\/index.php\/2017\/04\/08\/aleg\/#breadcrumblist"},"author":{"@id":"https:\/\/codoo.ro\/index.php\/author\/codruta\/#author"},"creator":{"@id":"https:\/\/codoo.ro\/index.php\/author\/codruta\/#author"},"image":{"@type":"ImageObject","url":"https:\/\/codoo.ro\/wp-content\/uploads\/2019\/08\/aleg.jpg","@id":"https:\/\/codoo.ro\/index.php\/2017\/04\/08\/aleg\/#mainImage","width":821,"height":960},"primaryImageOfPage":{"@id":"https:\/\/codoo.ro\/index.php\/2017\/04\/08\/aleg\/#mainImage"},"datePublished":"2017-04-08T15:07:15+02:00","dateModified":"2019-08-22T15:08:06+02:00"},{"@type":"WebSite","@id":"https:\/\/codoo.ro\/#website","url":"https:\/\/codoo.ro\/","name":"codoo.ro","description":"doar un blog","inLanguage":"ro-RO","publisher":{"@id":"https:\/\/codoo.ro\/#organization"}}]},"og:locale":"ro_RO","og:site_name":"codoo.ro - doar un blog","og:type":"article","og:title":"Aleg. - codoo.ro","og:description":"Am deschis ferestre de suflet pentru ca via\u021ba s\u0103 p\u0103trund\u0103 acolo unde, p\u00e2n\u0103 mai ieri, t\u0103cerea \u0219i a\u0219teptarea \u00ee\u0219i f\u0103cuser\u0103 cas\u0103. \u0218i am \u00eendr\u0103znit s\u0103 privesc iar lumea cu lumina nou\u0103 a \u00een\u021belegerii rostului cu care toate se a\u0219tern trecerii noastre. \u0218i alerg\u00e2nd... sau merg\u00e2nd agale, prin timpuri \u0219i sim\u021biri noi, cu verde \u0219i soare","og:url":"https:\/\/codoo.ro\/index.php\/2017\/04\/08\/aleg\/","article:published_time":"2017-04-08T13:07:15+00:00","article:modified_time":"2019-08-22T13:08:06+00:00","twitter:card":"summary_large_image","twitter:title":"Aleg. - codoo.ro","twitter:description":"Am deschis ferestre de suflet pentru ca via\u021ba s\u0103 p\u0103trund\u0103 acolo unde, p\u00e2n\u0103 mai ieri, t\u0103cerea \u0219i a\u0219teptarea \u00ee\u0219i f\u0103cuser\u0103 cas\u0103. \u0218i am \u00eendr\u0103znit s\u0103 privesc iar lumea cu lumina nou\u0103 a \u00een\u021belegerii rostului cu care toate se a\u0219tern trecerii noastre. \u0218i alerg\u00e2nd... sau merg\u00e2nd agale, prin timpuri \u0219i sim\u021biri noi, cu verde \u0219i soare"},"aioseo_meta_data":{"post_id":"169","title":null,"description":null,"keywords":null,"keyphrases":null,"primary_term":null,"canonical_url":null,"og_title":null,"og_description":null,"og_object_type":"default","og_image_type":"default","og_image_url":null,"og_image_width":null,"og_image_height":null,"og_image_custom_url":null,"og_image_custom_fields":null,"og_video":null,"og_custom_url":null,"og_article_section":null,"og_article_tags":null,"twitter_use_og":false,"twitter_card":"default","twitter_image_type":"default","twitter_image_url":null,"twitter_image_custom_url":null,"twitter_image_custom_fields":null,"twitter_title":null,"twitter_description":null,"schema":{"blockGraphs":[],"customGraphs":[],"default":{"data":{"Article":[],"Course":[],"Dataset":[],"FAQPage":[],"Movie":[],"Person":[],"Product":[],"ProductReview":[],"Car":[],"Recipe":[],"Service":[],"SoftwareApplication":[],"WebPage":[]},"graphName":"","isEnabled":true},"graphs":[]},"schema_type":"default","schema_type_options":null,"pillar_content":false,"robots_default":true,"robots_noindex":false,"robots_noarchive":false,"robots_nosnippet":false,"robots_nofollow":false,"robots_noimageindex":false,"robots_noodp":false,"robots_notranslate":false,"robots_max_snippet":null,"robots_max_videopreview":null,"robots_max_imagepreview":"large","priority":null,"frequency":null,"local_seo":null,"breadcrumb_settings":null,"limit_modified_date":false,"created":"2023-08-15 10:39:08","updated":"2025-06-23 12:41:02","ai":null,"seo_analyzer_scan_date":null},"aioseo_breadcrumb":"<div class=\"aioseo-breadcrumbs\"><span class=\"aioseo-breadcrumb\">\n\t\t\t<a href=\"https:\/\/codoo.ro\" title=\"Home\">Home<\/a>\n\t\t<\/span><span class=\"aioseo-breadcrumb-separator\">&raquo;<\/span><span class=\"aioseo-breadcrumb\">\n\t\t\t<a href=\"https:\/\/codoo.ro\/index.php\/category\/interioare\/\" title=\"Interioare\">Interioare<\/a>\n\t\t<\/span><span class=\"aioseo-breadcrumb-separator\">&raquo;<\/span><span class=\"aioseo-breadcrumb\">\n\t\t\tAleg.\n\t\t<\/span><\/div>","aioseo_breadcrumb_json":[{"label":"Home","link":"https:\/\/codoo.ro"},{"label":"Interioare","link":"https:\/\/codoo.ro\/index.php\/category\/interioare\/"},{"label":"Aleg.","link":"https:\/\/codoo.ro\/index.php\/2017\/04\/08\/aleg\/"}],"post_mailing_queue_ids":[],"_links":{"self":[{"href":"https:\/\/codoo.ro\/index.php\/wp-json\/wp\/v2\/posts\/169","targetHints":{"allow":["GET"]}}],"collection":[{"href":"https:\/\/codoo.ro\/index.php\/wp-json\/wp\/v2\/posts"}],"about":[{"href":"https:\/\/codoo.ro\/index.php\/wp-json\/wp\/v2\/types\/post"}],"author":[{"embeddable":true,"href":"https:\/\/codoo.ro\/index.php\/wp-json\/wp\/v2\/users\/2"}],"replies":[{"embeddable":true,"href":"https:\/\/codoo.ro\/index.php\/wp-json\/wp\/v2\/comments?post=169"}],"version-history":[{"count":0,"href":"https:\/\/codoo.ro\/index.php\/wp-json\/wp\/v2\/posts\/169\/revisions"}],"wp:featuredmedia":[{"embeddable":true,"href":"https:\/\/codoo.ro\/index.php\/wp-json\/wp\/v2\/media\/170"}],"wp:attachment":[{"href":"https:\/\/codoo.ro\/index.php\/wp-json\/wp\/v2\/media?parent=169"}],"wp:term":[{"taxonomy":"category","embeddable":true,"href":"https:\/\/codoo.ro\/index.php\/wp-json\/wp\/v2\/categories?post=169"},{"taxonomy":"post_tag","embeddable":true,"href":"https:\/\/codoo.ro\/index.php\/wp-json\/wp\/v2\/tags?post=169"}],"curies":[{"name":"wp","href":"https:\/\/api.w.org\/{rel}","templated":true}]}}