{"id":85,"date":"2017-01-21T13:27:33","date_gmt":"2017-01-21T11:27:33","guid":{"rendered":"http:\/\/codoo.ro\/?p=85"},"modified":"2019-08-27T14:02:00","modified_gmt":"2019-08-27T12:02:00","slug":"85","status":"publish","type":"post","link":"https:\/\/codoo.ro\/index.php\/2017\/01\/21\/85\/","title":{"rendered":"Iarna \u00een alb \u0219i negru"},"content":{"rendered":"\n<p class=\"wp-block-paragraph\">Iarna pare s\u0103 adune \u00een ea, precum via\u021ba noastr\u0103, deopotriv\u0103 lumin\u0103 \u0219i \u00eentuneric, alb \u0219i negru, frumuse\u021be \u0219i tonuri de gri. \u0218i totu\u0219i, nu \u00eencetez s\u0103 m\u0103 minunez cum acest anotimp \u00eembrac\u0103 suflete \u0219i arbori, \u00een acela\u0219i timp, cu frumuse\u021bea trist\u0103, precum cea de azi, sau cu alb\u0103, str\u0103lucitoare lumin\u0103, a bucuriei. De a tr\u0103i, de a d\u0103rui, de a tine drumul spre prim\u0103var\u0103. Iarna e sf\u00e2r\u0219it \u0219i \u00eenceput, anotimp al mugurilor neb\u0103nui\u021bi \u00eenc\u0103&#8230;<br> <\/p>\n","protected":false},"excerpt":{"rendered":"<p>Iarna pare s\u0103 adune \u00een ea, precum via\u021ba noastr\u0103, deopotriv\u0103 lumin\u0103 \u0219i \u00eentuneric, alb \u0219i negru, frumuse\u021be \u0219i tonuri de gri. \u0218i totu\u0219i, nu \u00eencetez s\u0103 m\u0103 minunez cum acest anotimp \u00eembrac\u0103 suflete \u0219i arbori, \u00een acela\u0219i timp, cu frumuse\u021bea trist\u0103, precum cea de azi, sau cu alb\u0103, str\u0103lucitoare lumin\u0103, a bucuriei. De a tr\u0103i, [&hellip;]<\/p>\n","protected":false},"author":2,"featured_media":88,"comment_status":"open","ping_status":"open","sticky":false,"template":"","format":"standard","meta":{"_monsterinsights_skip_tracking":false,"_uf_show_specific_survey":0,"_uf_disable_surveys":false,"footnotes":""},"categories":[13,4],"tags":[],"class_list":["post-85","post","type-post","status-publish","format-standard","has-post-thumbnail","hentry","category-interioare","category-traieste-clipa"],"aioseo_notices":[],"aioseo_head":"\n\t\t<!-- All in One SEO 4.9.10 - aioseo.com -->\n\t<meta name=\"description\" content=\"Iarna pare s\u0103 adune \u00een ea, precum via\u021ba noastr\u0103, deopotriv\u0103 lumin\u0103 \u0219i \u00eentuneric, alb \u0219i negru, frumuse\u021be \u0219i tonuri de gri. \u0218i totu\u0219i, nu \u00eencetez s\u0103 m\u0103 minunez cum acest anotimp \u00eembrac\u0103 suflete \u0219i arbori, \u00een acela\u0219i timp, cu frumuse\u021bea trist\u0103, precum cea de azi, sau cu alb\u0103, str\u0103lucitoare lumin\u0103, a bucuriei. De a tr\u0103i,\" \/>\n\t<meta name=\"robots\" content=\"max-image-preview:large\" \/>\n\t<meta name=\"author\" content=\"Codruta\"\/>\n\t<link rel=\"canonical\" href=\"https:\/\/codoo.ro\/index.php\/2017\/01\/21\/85\/\" \/>\n\t<meta name=\"generator\" content=\"All in One SEO (AIOSEO) 4.9.10\" \/>\n\t\t<meta property=\"og:locale\" content=\"ro_RO\" \/>\n\t\t<meta property=\"og:site_name\" content=\"codoo.ro - doar un blog\" \/>\n\t\t<meta property=\"og:type\" content=\"article\" \/>\n\t\t<meta property=\"og:title\" content=\"Iarna \u00een alb \u0219i negru - codoo.ro\" \/>\n\t\t<meta property=\"og:description\" content=\"Iarna pare s\u0103 adune \u00een ea, precum via\u021ba noastr\u0103, deopotriv\u0103 lumin\u0103 \u0219i \u00eentuneric, alb \u0219i negru, frumuse\u021be \u0219i tonuri de gri. \u0218i totu\u0219i, nu \u00eencetez s\u0103 m\u0103 minunez cum acest anotimp \u00eembrac\u0103 suflete \u0219i arbori, \u00een acela\u0219i timp, cu frumuse\u021bea trist\u0103, precum cea de azi, sau cu alb\u0103, str\u0103lucitoare lumin\u0103, a bucuriei. De a tr\u0103i,\" \/>\n\t\t<meta property=\"og:url\" content=\"https:\/\/codoo.ro\/index.php\/2017\/01\/21\/85\/\" \/>\n\t\t<meta property=\"article:published_time\" content=\"2017-01-21T11:27:33+00:00\" \/>\n\t\t<meta property=\"article:modified_time\" content=\"2019-08-27T12:02:00+00:00\" \/>\n\t\t<meta name=\"twitter:card\" content=\"summary_large_image\" \/>\n\t\t<meta name=\"twitter:title\" content=\"Iarna \u00een alb \u0219i negru - codoo.ro\" \/>\n\t\t<meta name=\"twitter:description\" content=\"Iarna pare s\u0103 adune \u00een ea, precum via\u021ba noastr\u0103, deopotriv\u0103 lumin\u0103 \u0219i \u00eentuneric, alb \u0219i negru, frumuse\u021be \u0219i tonuri de gri. \u0218i totu\u0219i, nu \u00eencetez s\u0103 m\u0103 minunez cum acest anotimp \u00eembrac\u0103 suflete \u0219i arbori, \u00een acela\u0219i timp, cu frumuse\u021bea trist\u0103, precum cea de azi, sau cu alb\u0103, str\u0103lucitoare lumin\u0103, a bucuriei. De a tr\u0103i,\" \/>\n\t\t<script type=\"application\/ld+json\" class=\"aioseo-schema\">\n\t\t\t{\"@context\":\"https:\\\/\\\/schema.org\",\"@graph\":[{\"@type\":\"BlogPosting\",\"@id\":\"https:\\\/\\\/codoo.ro\\\/index.php\\\/2017\\\/01\\\/21\\\/85\\\/#blogposting\",\"name\":\"Iarna \\u00een alb \\u0219i negru - codoo.ro\",\"headline\":\"Iarna \\u00een alb \\u0219i negru\",\"author\":{\"@id\":\"https:\\\/\\\/codoo.ro\\\/index.php\\\/author\\\/codruta\\\/#author\"},\"publisher\":{\"@id\":\"https:\\\/\\\/codoo.ro\\\/#organization\"},\"image\":{\"@type\":\"ImageObject\",\"url\":\"https:\\\/\\\/codoo.ro\\\/wp-content\\\/uploads\\\/2019\\\/08\\\/iarna-pare-sa-adune.jpg\",\"width\":714,\"height\":960},\"datePublished\":\"2017-01-21T13:27:33+02:00\",\"dateModified\":\"2019-08-27T14:02:00+02:00\",\"inLanguage\":\"ro-RO\",\"mainEntityOfPage\":{\"@id\":\"https:\\\/\\\/codoo.ro\\\/index.php\\\/2017\\\/01\\\/21\\\/85\\\/#webpage\"},\"isPartOf\":{\"@id\":\"https:\\\/\\\/codoo.ro\\\/index.php\\\/2017\\\/01\\\/21\\\/85\\\/#webpage\"},\"articleSection\":\"Interioare, Traie\\u0219te clipa\"},{\"@type\":\"BreadcrumbList\",\"@id\":\"https:\\\/\\\/codoo.ro\\\/index.php\\\/2017\\\/01\\\/21\\\/85\\\/#breadcrumblist\",\"itemListElement\":[{\"@type\":\"ListItem\",\"@id\":\"https:\\\/\\\/codoo.ro#listItem\",\"position\":1,\"name\":\"Home\",\"item\":\"https:\\\/\\\/codoo.ro\",\"nextItem\":{\"@type\":\"ListItem\",\"@id\":\"https:\\\/\\\/codoo.ro\\\/index.php\\\/category\\\/traieste-clipa\\\/#listItem\",\"name\":\"Traie\\u0219te clipa\"}},{\"@type\":\"ListItem\",\"@id\":\"https:\\\/\\\/codoo.ro\\\/index.php\\\/category\\\/traieste-clipa\\\/#listItem\",\"position\":2,\"name\":\"Traie\\u0219te clipa\",\"item\":\"https:\\\/\\\/codoo.ro\\\/index.php\\\/category\\\/traieste-clipa\\\/\",\"nextItem\":{\"@type\":\"ListItem\",\"@id\":\"https:\\\/\\\/codoo.ro\\\/index.php\\\/2017\\\/01\\\/21\\\/85\\\/#listItem\",\"name\":\"Iarna \\u00een alb \\u0219i negru\"},\"previousItem\":{\"@type\":\"ListItem\",\"@id\":\"https:\\\/\\\/codoo.ro#listItem\",\"name\":\"Home\"}},{\"@type\":\"ListItem\",\"@id\":\"https:\\\/\\\/codoo.ro\\\/index.php\\\/2017\\\/01\\\/21\\\/85\\\/#listItem\",\"position\":3,\"name\":\"Iarna \\u00een alb \\u0219i negru\",\"previousItem\":{\"@type\":\"ListItem\",\"@id\":\"https:\\\/\\\/codoo.ro\\\/index.php\\\/category\\\/traieste-clipa\\\/#listItem\",\"name\":\"Traie\\u0219te clipa\"}}]},{\"@type\":\"Organization\",\"@id\":\"https:\\\/\\\/codoo.ro\\\/#organization\",\"name\":\"codoo.ro\",\"description\":\"doar un blog\",\"url\":\"https:\\\/\\\/codoo.ro\\\/\"},{\"@type\":\"Person\",\"@id\":\"https:\\\/\\\/codoo.ro\\\/index.php\\\/author\\\/codruta\\\/#author\",\"url\":\"https:\\\/\\\/codoo.ro\\\/index.php\\\/author\\\/codruta\\\/\",\"name\":\"Codruta\",\"image\":{\"@type\":\"ImageObject\",\"@id\":\"https:\\\/\\\/codoo.ro\\\/index.php\\\/2017\\\/01\\\/21\\\/85\\\/#authorImage\",\"url\":\"https:\\\/\\\/secure.gravatar.com\\\/avatar\\\/c4fdd3726c0b229f40a410eb9e6a617c528a6a1356a700f9c3e91163952569bb?s=96&d=mm&r=g\",\"width\":96,\"height\":96,\"caption\":\"Codruta\"}},{\"@type\":\"WebPage\",\"@id\":\"https:\\\/\\\/codoo.ro\\\/index.php\\\/2017\\\/01\\\/21\\\/85\\\/#webpage\",\"url\":\"https:\\\/\\\/codoo.ro\\\/index.php\\\/2017\\\/01\\\/21\\\/85\\\/\",\"name\":\"Iarna \\u00een alb \\u0219i negru - codoo.ro\",\"description\":\"Iarna pare s\\u0103 adune \\u00een ea, precum via\\u021ba noastr\\u0103, deopotriv\\u0103 lumin\\u0103 \\u0219i \\u00eentuneric, alb \\u0219i negru, frumuse\\u021be \\u0219i tonuri de gri. \\u0218i totu\\u0219i, nu \\u00eencetez s\\u0103 m\\u0103 minunez cum acest anotimp \\u00eembrac\\u0103 suflete \\u0219i arbori, \\u00een acela\\u0219i timp, cu frumuse\\u021bea trist\\u0103, precum cea de azi, sau cu alb\\u0103, str\\u0103lucitoare lumin\\u0103, a bucuriei. De a tr\\u0103i,\",\"inLanguage\":\"ro-RO\",\"isPartOf\":{\"@id\":\"https:\\\/\\\/codoo.ro\\\/#website\"},\"breadcrumb\":{\"@id\":\"https:\\\/\\\/codoo.ro\\\/index.php\\\/2017\\\/01\\\/21\\\/85\\\/#breadcrumblist\"},\"author\":{\"@id\":\"https:\\\/\\\/codoo.ro\\\/index.php\\\/author\\\/codruta\\\/#author\"},\"creator\":{\"@id\":\"https:\\\/\\\/codoo.ro\\\/index.php\\\/author\\\/codruta\\\/#author\"},\"image\":{\"@type\":\"ImageObject\",\"url\":\"https:\\\/\\\/codoo.ro\\\/wp-content\\\/uploads\\\/2019\\\/08\\\/iarna-pare-sa-adune.jpg\",\"@id\":\"https:\\\/\\\/codoo.ro\\\/index.php\\\/2017\\\/01\\\/21\\\/85\\\/#mainImage\",\"width\":714,\"height\":960},\"primaryImageOfPage\":{\"@id\":\"https:\\\/\\\/codoo.ro\\\/index.php\\\/2017\\\/01\\\/21\\\/85\\\/#mainImage\"},\"datePublished\":\"2017-01-21T13:27:33+02:00\",\"dateModified\":\"2019-08-27T14:02:00+02:00\"},{\"@type\":\"WebSite\",\"@id\":\"https:\\\/\\\/codoo.ro\\\/#website\",\"url\":\"https:\\\/\\\/codoo.ro\\\/\",\"name\":\"codoo.ro\",\"description\":\"doar un blog\",\"inLanguage\":\"ro-RO\",\"publisher\":{\"@id\":\"https:\\\/\\\/codoo.ro\\\/#organization\"}}]}\n\t\t<\/script>\n\t\t<!-- All in One SEO -->\n\n","aioseo_head_json":{"title":"Iarna \u00een alb \u0219i negru - codoo.ro","description":"Iarna pare s\u0103 adune \u00een ea, precum via\u021ba noastr\u0103, deopotriv\u0103 lumin\u0103 \u0219i \u00eentuneric, alb \u0219i negru, frumuse\u021be \u0219i tonuri de gri. \u0218i totu\u0219i, nu \u00eencetez s\u0103 m\u0103 minunez cum acest anotimp \u00eembrac\u0103 suflete \u0219i arbori, \u00een acela\u0219i timp, cu frumuse\u021bea trist\u0103, precum cea de azi, sau cu alb\u0103, str\u0103lucitoare lumin\u0103, a bucuriei. De a tr\u0103i,","canonical_url":"https:\/\/codoo.ro\/index.php\/2017\/01\/21\/85\/","robots":"max-image-preview:large","keywords":"","webmasterTools":{"miscellaneous":""},"schema":{"@context":"https:\/\/schema.org","@graph":[{"@type":"BlogPosting","@id":"https:\/\/codoo.ro\/index.php\/2017\/01\/21\/85\/#blogposting","name":"Iarna \u00een alb \u0219i negru - codoo.ro","headline":"Iarna \u00een alb \u0219i negru","author":{"@id":"https:\/\/codoo.ro\/index.php\/author\/codruta\/#author"},"publisher":{"@id":"https:\/\/codoo.ro\/#organization"},"image":{"@type":"ImageObject","url":"https:\/\/codoo.ro\/wp-content\/uploads\/2019\/08\/iarna-pare-sa-adune.jpg","width":714,"height":960},"datePublished":"2017-01-21T13:27:33+02:00","dateModified":"2019-08-27T14:02:00+02:00","inLanguage":"ro-RO","mainEntityOfPage":{"@id":"https:\/\/codoo.ro\/index.php\/2017\/01\/21\/85\/#webpage"},"isPartOf":{"@id":"https:\/\/codoo.ro\/index.php\/2017\/01\/21\/85\/#webpage"},"articleSection":"Interioare, Traie\u0219te clipa"},{"@type":"BreadcrumbList","@id":"https:\/\/codoo.ro\/index.php\/2017\/01\/21\/85\/#breadcrumblist","itemListElement":[{"@type":"ListItem","@id":"https:\/\/codoo.ro#listItem","position":1,"name":"Home","item":"https:\/\/codoo.ro","nextItem":{"@type":"ListItem","@id":"https:\/\/codoo.ro\/index.php\/category\/traieste-clipa\/#listItem","name":"Traie\u0219te clipa"}},{"@type":"ListItem","@id":"https:\/\/codoo.ro\/index.php\/category\/traieste-clipa\/#listItem","position":2,"name":"Traie\u0219te clipa","item":"https:\/\/codoo.ro\/index.php\/category\/traieste-clipa\/","nextItem":{"@type":"ListItem","@id":"https:\/\/codoo.ro\/index.php\/2017\/01\/21\/85\/#listItem","name":"Iarna \u00een alb \u0219i negru"},"previousItem":{"@type":"ListItem","@id":"https:\/\/codoo.ro#listItem","name":"Home"}},{"@type":"ListItem","@id":"https:\/\/codoo.ro\/index.php\/2017\/01\/21\/85\/#listItem","position":3,"name":"Iarna \u00een alb \u0219i negru","previousItem":{"@type":"ListItem","@id":"https:\/\/codoo.ro\/index.php\/category\/traieste-clipa\/#listItem","name":"Traie\u0219te clipa"}}]},{"@type":"Organization","@id":"https:\/\/codoo.ro\/#organization","name":"codoo.ro","description":"doar un blog","url":"https:\/\/codoo.ro\/"},{"@type":"Person","@id":"https:\/\/codoo.ro\/index.php\/author\/codruta\/#author","url":"https:\/\/codoo.ro\/index.php\/author\/codruta\/","name":"Codruta","image":{"@type":"ImageObject","@id":"https:\/\/codoo.ro\/index.php\/2017\/01\/21\/85\/#authorImage","url":"https:\/\/secure.gravatar.com\/avatar\/c4fdd3726c0b229f40a410eb9e6a617c528a6a1356a700f9c3e91163952569bb?s=96&d=mm&r=g","width":96,"height":96,"caption":"Codruta"}},{"@type":"WebPage","@id":"https:\/\/codoo.ro\/index.php\/2017\/01\/21\/85\/#webpage","url":"https:\/\/codoo.ro\/index.php\/2017\/01\/21\/85\/","name":"Iarna \u00een alb \u0219i negru - codoo.ro","description":"Iarna pare s\u0103 adune \u00een ea, precum via\u021ba noastr\u0103, deopotriv\u0103 lumin\u0103 \u0219i \u00eentuneric, alb \u0219i negru, frumuse\u021be \u0219i tonuri de gri. \u0218i totu\u0219i, nu \u00eencetez s\u0103 m\u0103 minunez cum acest anotimp \u00eembrac\u0103 suflete \u0219i arbori, \u00een acela\u0219i timp, cu frumuse\u021bea trist\u0103, precum cea de azi, sau cu alb\u0103, str\u0103lucitoare lumin\u0103, a bucuriei. De a tr\u0103i,","inLanguage":"ro-RO","isPartOf":{"@id":"https:\/\/codoo.ro\/#website"},"breadcrumb":{"@id":"https:\/\/codoo.ro\/index.php\/2017\/01\/21\/85\/#breadcrumblist"},"author":{"@id":"https:\/\/codoo.ro\/index.php\/author\/codruta\/#author"},"creator":{"@id":"https:\/\/codoo.ro\/index.php\/author\/codruta\/#author"},"image":{"@type":"ImageObject","url":"https:\/\/codoo.ro\/wp-content\/uploads\/2019\/08\/iarna-pare-sa-adune.jpg","@id":"https:\/\/codoo.ro\/index.php\/2017\/01\/21\/85\/#mainImage","width":714,"height":960},"primaryImageOfPage":{"@id":"https:\/\/codoo.ro\/index.php\/2017\/01\/21\/85\/#mainImage"},"datePublished":"2017-01-21T13:27:33+02:00","dateModified":"2019-08-27T14:02:00+02:00"},{"@type":"WebSite","@id":"https:\/\/codoo.ro\/#website","url":"https:\/\/codoo.ro\/","name":"codoo.ro","description":"doar un blog","inLanguage":"ro-RO","publisher":{"@id":"https:\/\/codoo.ro\/#organization"}}]},"og:locale":"ro_RO","og:site_name":"codoo.ro - doar un blog","og:type":"article","og:title":"Iarna \u00een alb \u0219i negru - codoo.ro","og:description":"Iarna pare s\u0103 adune \u00een ea, precum via\u021ba noastr\u0103, deopotriv\u0103 lumin\u0103 \u0219i \u00eentuneric, alb \u0219i negru, frumuse\u021be \u0219i tonuri de gri. \u0218i totu\u0219i, nu \u00eencetez s\u0103 m\u0103 minunez cum acest anotimp \u00eembrac\u0103 suflete \u0219i arbori, \u00een acela\u0219i timp, cu frumuse\u021bea trist\u0103, precum cea de azi, sau cu alb\u0103, str\u0103lucitoare lumin\u0103, a bucuriei. De a tr\u0103i,","og:url":"https:\/\/codoo.ro\/index.php\/2017\/01\/21\/85\/","article:published_time":"2017-01-21T11:27:33+00:00","article:modified_time":"2019-08-27T12:02:00+00:00","twitter:card":"summary_large_image","twitter:title":"Iarna \u00een alb \u0219i negru - codoo.ro","twitter:description":"Iarna pare s\u0103 adune \u00een ea, precum via\u021ba noastr\u0103, deopotriv\u0103 lumin\u0103 \u0219i \u00eentuneric, alb \u0219i negru, frumuse\u021be \u0219i tonuri de gri. \u0218i totu\u0219i, nu \u00eencetez s\u0103 m\u0103 minunez cum acest anotimp \u00eembrac\u0103 suflete \u0219i arbori, \u00een acela\u0219i timp, cu frumuse\u021bea trist\u0103, precum cea de azi, sau cu alb\u0103, str\u0103lucitoare lumin\u0103, a bucuriei. De a tr\u0103i,"},"aioseo_meta_data":{"post_id":"85","title":null,"description":null,"keywords":null,"keyphrases":null,"primary_term":null,"canonical_url":null,"og_title":null,"og_description":null,"og_object_type":"default","og_image_type":"default","og_image_url":null,"og_image_width":null,"og_image_height":null,"og_image_custom_url":null,"og_image_custom_fields":null,"og_video":null,"og_custom_url":null,"og_article_section":null,"og_article_tags":null,"twitter_use_og":false,"twitter_card":"default","twitter_image_type":"default","twitter_image_url":null,"twitter_image_custom_url":null,"twitter_image_custom_fields":null,"twitter_title":null,"twitter_description":null,"schema":{"blockGraphs":[],"customGraphs":[],"default":{"data":{"Article":[],"Course":[],"Dataset":[],"FAQPage":[],"Movie":[],"Person":[],"Product":[],"ProductReview":[],"Car":[],"Recipe":[],"Service":[],"SoftwareApplication":[],"WebPage":[]},"graphName":"","isEnabled":true},"graphs":[]},"schema_type":"default","schema_type_options":null,"pillar_content":false,"robots_default":true,"robots_noindex":false,"robots_noarchive":false,"robots_nosnippet":false,"robots_nofollow":false,"robots_noimageindex":false,"robots_noodp":false,"robots_notranslate":false,"robots_max_snippet":null,"robots_max_videopreview":null,"robots_max_imagepreview":"large","priority":null,"frequency":null,"local_seo":null,"breadcrumb_settings":null,"limit_modified_date":false,"created":"2023-08-15 10:38:35","updated":"2025-06-23 12:40:02","ai":null,"seo_analyzer_scan_date":null},"aioseo_breadcrumb":"<div class=\"aioseo-breadcrumbs\"><span class=\"aioseo-breadcrumb\">\n\t\t\t<a href=\"https:\/\/codoo.ro\" title=\"Home\">Home<\/a>\n\t\t<\/span><span class=\"aioseo-breadcrumb-separator\">&raquo;<\/span><span class=\"aioseo-breadcrumb\">\n\t\t\t<a href=\"https:\/\/codoo.ro\/index.php\/category\/traieste-clipa\/\" title=\"Traie\u0219te clipa\">Traie\u0219te clipa<\/a>\n\t\t<\/span><span class=\"aioseo-breadcrumb-separator\">&raquo;<\/span><span class=\"aioseo-breadcrumb\">\n\t\t\tIarna \u00een alb \u0219i negru\n\t\t<\/span><\/div>","aioseo_breadcrumb_json":[{"label":"Home","link":"https:\/\/codoo.ro"},{"label":"Traie\u0219te clipa","link":"https:\/\/codoo.ro\/index.php\/category\/traieste-clipa\/"},{"label":"Iarna \u00een alb \u0219i negru","link":"https:\/\/codoo.ro\/index.php\/2017\/01\/21\/85\/"}],"post_mailing_queue_ids":[],"_links":{"self":[{"href":"https:\/\/codoo.ro\/index.php\/wp-json\/wp\/v2\/posts\/85","targetHints":{"allow":["GET"]}}],"collection":[{"href":"https:\/\/codoo.ro\/index.php\/wp-json\/wp\/v2\/posts"}],"about":[{"href":"https:\/\/codoo.ro\/index.php\/wp-json\/wp\/v2\/types\/post"}],"author":[{"embeddable":true,"href":"https:\/\/codoo.ro\/index.php\/wp-json\/wp\/v2\/users\/2"}],"replies":[{"embeddable":true,"href":"https:\/\/codoo.ro\/index.php\/wp-json\/wp\/v2\/comments?post=85"}],"version-history":[{"count":0,"href":"https:\/\/codoo.ro\/index.php\/wp-json\/wp\/v2\/posts\/85\/revisions"}],"wp:featuredmedia":[{"embeddable":true,"href":"https:\/\/codoo.ro\/index.php\/wp-json\/wp\/v2\/media\/88"}],"wp:attachment":[{"href":"https:\/\/codoo.ro\/index.php\/wp-json\/wp\/v2\/media?parent=85"}],"wp:term":[{"taxonomy":"category","embeddable":true,"href":"https:\/\/codoo.ro\/index.php\/wp-json\/wp\/v2\/categories?post=85"},{"taxonomy":"post_tag","embeddable":true,"href":"https:\/\/codoo.ro\/index.php\/wp-json\/wp\/v2\/tags?post=85"}],"curies":[{"name":"wp","href":"https:\/\/api.w.org\/{rel}","templated":true}]}}